{"id":3500,"date":"2025-09-13T20:59:23","date_gmt":"2025-09-13T20:59:23","guid":{"rendered":"https:\/\/www.rep-srpska.at\/?p=3500"},"modified":"2025-11-04T23:20:48","modified_gmt":"2025-11-04T23:20:48","slug":"u-becu-obiljezen-dan-srpskog-jedinstva","status":"publish","type":"post","link":"https:\/\/www.rep-srpska.at\/de\/u-becu-obiljezen-dan-srpskog-jedinstva\/","title":{"rendered":"In Wien wurde der Tag der serbischen Einheit gefeiert"},"content":{"rendered":"<p><\/p>\n<p data-start=\"21\" data-end=\"221\">In Wien wurde heute feierlich der Tag der serbischen Einheit, der Freiheit und der Nationalflagge begangen. An der Veranstaltung nahmen zahlreiche Vertreter aus der Republik Srpska und Serbien teil.<\/p>\n<p data-start=\"223\" data-end=\"714\">Der Minister f\u00fcr europ\u00e4ische Integration und internationale Zusammenarbeit der Republik Srpska, Zlatan Kloki\u0107, erkl\u00e4rte, dass dieser Tag ein Verm\u00e4chtnis f\u00fcr zuk\u00fcnftige Generationen sei, die Werte zu pflegen, die das serbische Volk stark machen \u2013 die Freiheit und die Trikolore, die als Symbol des Stolzes weht. Kloki\u0107 \u00fcberbrachte Gr\u00fc\u00dfe vom Pr\u00e4sidenten der Republik Srpska, Milorad Dodik, und vom serbischen Mitglied des Pr\u00e4sidentschaftsrates von Bosnien und Herzegowina, \u017deljka Cvijanovi\u0107.<\/p>\n<p data-start=\"716\" data-end=\"1160\">Der Botschafter Serbiens in \u00d6sterreich, Marko Blagojevi\u0107, betonte, dass man sich heute in Wien all dessen erinnere, was das serbische Volk verbindet und eint, und an den heroischen Freiheitskampf der serbischen Geschichte. \u201eWir sind verpflichtet, das Gel\u00f6bnis der Einheit zu bewahren und uns dem Wohlstand unseres Landes zu widmen. Die Flagge ist nicht nur ein Symbol, sondern auch eine Verpflichtung, ihrer w\u00fcrdig zu sein\u201c, sagte Blagojevi\u0107.<\/p>\n<p data-start=\"1162\" data-end=\"1554\">Der Leiter der Vertretung der Republik Srpska in \u00d6sterreich, Mladen Filipovi\u0107, unterstrich, dass dieses Datum heute mehr denn je eine besondere symbolische Bedeutung f\u00fcr Serben weltweit habe. \u201eWir sind ein Volk, das \u00fcber die Kontinente verstreut ist, aber uns verbindet die Trikolore, derselbe Glaube und der Wunsch, eins zu bleiben. Unsere St\u00e4rke liegt in der Einheit\u201c, erkl\u00e4rte Filipovi\u0107.<\/p>\n<p data-start=\"1556\" data-end=\"2026\">Er f\u00fcgte hinzu, dass die Mission des Serbischen Bundes in \u00d6sterreich darin bestehe, Glauben, Kultur und Identit\u00e4t zu bewahren und zugleich einen Beitrag zur \u00f6sterreichischen Gesellschaft zu leisten, wodurch sich die St\u00e4rke des serbischen Volkes zeige. \u201eUnsere Identit\u00e4t beruht auf Einheit und Liebe zu unserem Volk. Dieser Tag soll ein Gel\u00f6bnis sein, dass wir zusammenhalten, unsere Wurzeln bewahren und die serbische Flagge \u00fcberall mit Stolz tragen\u201c, sagte Filipovi\u0107.<\/p>\n<p data-start=\"2028\" data-end=\"2417\">Der Minister ohne Portefeuille in der serbischen Regierung, \u0110or\u0111e Mili\u0107evi\u0107, hob hervor, dass Einheit heute notwendiger sei als je zuvor. \u201eDie Zeit, in der wir leben, ist weder leicht noch einfach; der Balkan, Europa und die Welt durchlaufen eine turbulente Phase. Nur wenn wir gesammelt und vereint sind, k\u00f6nnen wir Stabilit\u00e4t, Frieden und St\u00e4rke Serbiens bewahren\u201c, erkl\u00e4rte Mili\u0107evi\u0107.<\/p>\n<p data-start=\"2419\" data-end=\"2847\">Er \u00fcberbrachte Gl\u00fcckw\u00fcnsche im Namen des serbischen Pr\u00e4sidenten Aleksandar Vu\u010di\u0107 und des Premierministers \u0110uro Macut und betonte bei der Feier im Hallmann-Dom, dass die serbische Flagge ein Zeichen der Einheit des serbischen Volkes sei, egal wo es lebe. \u201eDie serbische Diaspora ist der Stolz Serbiens, ihre Vertreter tragen mit ihrer Arbeit, Redlichkeit und ihrem Erfolg zum Ansehen des serbischen Namens bei\u201c, f\u00fcgte er hinzu.<\/p>\n<p data-start=\"2849\" data-end=\"3081\">Die Feier in Wien wurde mit den Hymnen Serbiens \u201eBo\u017ee pravde\u201c und der Republik Srpska \u201eMoja Republika\u201c er\u00f6ffnet, vorgetragen von den Operns\u00e4ngern Ljubica Vranje\u0161 und Dragoljub Baji\u0107, begleitet vom Serbischen Akademischen Ensemble.<\/p>\n<p data-start=\"3083\" data-end=\"3405\">Anwesend waren zahlreiche Vertreter der serbischen Diaspora in Wien, Mitglieder der Freiheitlichen Partei \u00d6sterreichs, der Berater des Direktors der EXPO 2027 und Sportlegende Dejan Toma\u0161evi\u0107, der B\u00fcrgermeister von Trebinje Mirko \u0106uri\u0107, Vertreter des diplomatischen Korps sowie Geistliche der Serbisch-Orthodoxen Kirche.<\/p>\n<p data-start=\"3407\" data-end=\"3535\">Die Feier wurde durch Auftritte der Kulturvereine \u201eBranko Radi\u010devi\u0107\u201c, \u201eMokranjac\u201c, \u201eKolo\u201c und \u201eZajednica Salzburg\u201c bereichert.<\/p>\n<p data-start=\"3537\" data-end=\"3834\">Der Tag der serbischen Einheit, der Freiheit und der Nationalflagge ist ein staatlicher Feiertag, der am 15. September in Serbien und der Republik Srpska begangen wird. Symbolisch wurde er an dem Tag eingef\u00fchrt, an dem der Durchbruch der Salonikifront gefeiert wird, und wird seit 2020 gefeiert.<\/p>\n<p><\/p>","protected":false},"excerpt":{"rendered":"<p>In Wien wurde heute feierlich der Tag der serbischen Einheit, der Freiheit und der Nationalflagge begangen. An der Veranstaltung nahmen zahlreiche Vertreter aus der Republik Srpska und Serbien teil. Der Minister f\u00fcr europ\u00e4ische Integration und internationale Zusammenarbeit der Republik Srpska, Zlatan Kloki\u0107, erkl\u00e4rte, dass dieser Tag ein Verm\u00e4chtnis f\u00fcr zuk\u00fcnftige Generationen sei, die Werte zu [&hellip;]<\/p>\n","protected":false},"author":1,"featured_media":3501,"comment_status":"open","ping_status":"open","sticky":false,"template":"","format":"standard","meta":{"footnotes":""},"categories":[4],"tags":[],"class_list":["post-3500","post","type-post","status-publish","format-standard","has-post-thumbnail","hentry","category-vijesti"],"_links":{"self":[{"href":"https:\/\/www.rep-srpska.at\/de\/wp-json\/wp\/v2\/posts\/3500","targetHints":{"allow":["GET"]}}],"collection":[{"href":"https:\/\/www.rep-srpska.at\/de\/wp-json\/wp\/v2\/posts"}],"about":[{"href":"https:\/\/www.rep-srpska.at\/de\/wp-json\/wp\/v2\/types\/post"}],"author":[{"embeddable":true,"href":"https:\/\/www.rep-srpska.at\/de\/wp-json\/wp\/v2\/users\/1"}],"replies":[{"embeddable":true,"href":"https:\/\/www.rep-srpska.at\/de\/wp-json\/wp\/v2\/comments?post=3500"}],"version-history":[{"count":2,"href":"https:\/\/www.rep-srpska.at\/de\/wp-json\/wp\/v2\/posts\/3500\/revisions"}],"predecessor-version":[{"id":3509,"href":"https:\/\/www.rep-srpska.at\/de\/wp-json\/wp\/v2\/posts\/3500\/revisions\/3509"}],"wp:featuredmedia":[{"embeddable":true,"href":"https:\/\/www.rep-srpska.at\/de\/wp-json\/wp\/v2\/media\/3501"}],"wp:attachment":[{"href":"https:\/\/www.rep-srpska.at\/de\/wp-json\/wp\/v2\/media?parent=3500"}],"wp:term":[{"taxonomy":"category","embeddable":true,"href":"https:\/\/www.rep-srpska.at\/de\/wp-json\/wp\/v2\/categories?post=3500"},{"taxonomy":"post_tag","embeddable":true,"href":"https:\/\/www.rep-srpska.at\/de\/wp-json\/wp\/v2\/tags?post=3500"}],"curies":[{"name":"wp","href":"https:\/\/api.w.org\/{rel}","templated":true}]}}